{"id":537,"date":"2024-10-21T14:19:53","date_gmt":"2024-10-21T12:19:53","guid":{"rendered":"https:\/\/vae-perpignan.fr\/?p=537"},"modified":"2024-11-25T11:11:49","modified_gmt":"2024-11-25T10:11:49","slug":"le-bilan-de-competences-un-outil-essentiel-pour-les-transitions-professionnelles","status":"publish","type":"post","link":"https:\/\/vae-perpignan.fr\/index.php\/2024\/10\/21\/le-bilan-de-competences-un-outil-essentiel-pour-les-transitions-professionnelles\/","title":{"rendered":"Le Bilan de Comp\u00e9tences : Un Outil Essentiel pour les Transitions Professionnelles"},"content":{"rendered":"\n<p><strong>Le bilan de comp\u00e9tences, instaur\u00e9 par la loi du 31 d\u00e9cembre 1991, est un dispositif destin\u00e9 \u00e0 soutenir la formation professionnelle continue et l&#8217;adaptation des travailleurs aux \u00e9volutions du march\u00e9 du travail. Plus de 30 ans apr\u00e8s son introduction, il demeure un outil pr\u00e9cieux et pertinent, notamment \u00e0 l&#8217;heure o\u00f9 les transformations technologiques, organisationnelles et environnementales s&#8217;acc\u00e9l\u00e8rent.<\/strong><\/p>\n\n\n\n<p>Environ 100 000 bilans de comp\u00e9tences sont r\u00e9alis\u00e9s chaque ann\u00e9e, signe de l&#8217;int\u00e9r\u00eat croissant pour ce dispositif. \u00c0 Perpignan,&nbsp;<strong>MEDEO Formation<\/strong>&nbsp;joue un r\u00f4le cl\u00e9 en accompagnant les personnes dans leur transition professionnelle gr\u00e2ce \u00e0 une approche personnalis\u00e9e et adapt\u00e9e aux r\u00e9alit\u00e9s locales.<\/p>\n\n\n\n<p><strong>Le Bilan de comp\u00e9tences, un dispositif plus pertinent que Jamais.<\/strong><\/p>\n\n\n\n<p>Les changements dans l&#8217;organisation du travail (t\u00e9l\u00e9travail, travail hybride), le changement de paradigme sur la place du travail rendent les bilans de comp\u00e9tences d\u2019autant plus int\u00e9ressant.<\/p>\n\n\n\n<p>Le confinement de 2020 a marqu\u00e9 un tournant important pour ce dispositif. La crise sanitaire a r\u00e9v\u00e9l\u00e9 la fragilit\u00e9 de certains m\u00e9tiers et boulevers\u00e9 l&#8217;organisation du travail, incitant de nombreuses personnes \u00e0 repenser leur avenir professionnel et \u00e0 envisager des transitions. C&#8217;est dans ce contexte que MEDEO Formation a renforc\u00e9 son r\u00f4le d&#8217;accompagnement aupr\u00e8s des actifs des Pyr\u00e9n\u00e9es-Orientales, en leur offrant un espace de r\u00e9flexion et de projection sur leur carri\u00e8re.<\/p>\n\n\n\n<p><strong>Objectifs et D\u00e9roulement du Bilan de Comp\u00e9tences <\/strong><a href=\"https:\/\/travail-emploi.gouv.fr\/le-bilan-de-competences\">https:\/\/travail-emploi.gouv.fr\/le-bilan-de-competences<\/a><\/p>\n\n\n\n<p><strong>Le bilan de comp\u00e9tences est encadr\u00e9 par le Code du travail (articles L-6313-1 \u00e0 8). Il vise \u00e0 :<\/strong><\/p>\n\n\n\n<ul class=\"wp-block-list\">\n<li>Analyser les comp\u00e9tences professionnelles et personnelles des b\u00e9n\u00e9ficiaires ;<\/li>\n\n\n\n<li>D\u00e9finir un projet professionnel et, si n\u00e9cessaire, le compl\u00e9ter par un projet de formation.<\/li>\n<\/ul>\n\n\n\n<p><strong>Le processus est structur\u00e9 en trois phases distinctes :<\/strong><\/p>\n\n\n\n<ol start=\"1\" class=\"wp-block-list\">\n<li>Phase pr\u00e9liminaire\u00a0: D\u00e9finir les besoins et les objectifs de la personne.<\/li>\n\n\n\n<li>Phase d&#8217;investigation\u00a0: Analyser les comp\u00e9tences, motivations et explorer des pistes d&#8217;\u00e9volution professionnelle.<\/li>\n\n\n\n<li>Phase de conclusion\u00a0: Synth\u00e9tiser les r\u00e9sultats et \u00e9laborer un plan d&#8217;action clair et r\u00e9alisable.<\/li>\n<\/ol>\n\n\n\n<p><strong>Le bilan de comp\u00e9tences est limit\u00e9 \u00e0 24 heures et se conclut par la r\u00e9daction d\u2019une synth\u00e8se formalisant les r\u00e9sultats et le plan d&#8217;action.<\/strong><\/p>\n\n\n\n<p><strong>Attention&nbsp;: Moins de 24h, il ne peut \u00eatre consid\u00e9r\u00e9 comme tel&nbsp;!<\/strong><\/p>\n\n\n\n<p><strong>Chez&nbsp;MEDEO Formation, <\/strong>ce cadre l\u00e9gal est respect\u00e9 et l\u2019accompagnement adapt\u00e9 aux sp\u00e9cificit\u00e9s de chaque personne, gr\u00e2ce \u00e0 des consultants form\u00e9s et exp\u00e9riment\u00e9s.<\/p>\n\n\n\n<p><strong>Un Financement Accessible \u00e0 Tous<\/strong><\/p>\n\n\n\n<p>L&#8217;un des atouts du bilan de comp\u00e9tences est la diversit\u00e9 des options de financement :<\/p>\n\n\n\n<ul class=\"wp-block-list\">\n<li>L&#8217;employeur, dans le cadre du plan de d\u00e9veloppement des comp\u00e9tences ;<\/li>\n\n\n\n<li>Le salari\u00e9, via son Compte Personnel de Formation (CPF) ;<\/li>\n\n\n\n<li>France Travail\u00a0(anciennement P\u00f4le emploi), par l&#8217;interm\u00e9diaire de l&#8217;Aide Individuelle \u00e0 la Formation (AIF) pour les demandeurs d&#8217;emploi ;<\/li>\n\n\n\n<li>L&#8217;individu lui-m\u00eame, par autofinancement.<\/li>\n<\/ul>\n\n\n\n<p><strong>Depuis la r\u00e9forme de 2018, le CPF est devenu le mode de financement le plus courant. MEDEO Formation accompagne ses clients dans la compr\u00e9hension et l&#8217;utilisation de ces dispositifs, assurant ainsi un acc\u00e8s facilit\u00e9 au bilan de comp\u00e9tences.<\/strong><\/p>\n\n\n\n<p><strong>Un Dispositif pour Tous les Actifs<\/strong><\/p>\n\n\n\n<p>Le bilan de comp\u00e9tences est accessible \u00e0 toutes les personnes en activit\u00e9, qu&#8217;elles soient salari\u00e9es, ind\u00e9pendantes ou fonctionnaires.<\/p>\n\n\n\n<p>La majorit\u00e9 des b\u00e9n\u00e9ficiaires sont en poste (83 %), dont un tiers sont des cadres, et plus de la moiti\u00e9 ont entre&nbsp;35 et 49 ans. Cependant, ces derni\u00e8res ann\u00e9es, une tendance au rajeunissement a \u00e9t\u00e9 observ\u00e9e, avec de plus en plus de jeunes de moins de 35 ans, voire de moins de 30 ans, sollicitant ce service.<\/p>\n\n\n\n<p>\u00c0 l&#8217;autre bout de la pyramide des \u00e2ges, on constate \u00e9galement une augmentation des b\u00e9n\u00e9ficiaires de plus de 50 ans, en lien avec l&#8217;allongement de la dur\u00e9e de carri\u00e8re n\u00e9cessaire pour atteindre la retraite \u00e0 taux plein.<\/p>\n\n\n\n<p><strong>L&#8217;Accompagnement Personnalis\u00e9 chez MEDEO Formation<\/strong><\/p>\n\n\n\n<p><a href=\"https:\/\/medeo-formation.catalogueformpro.com\/8\/vae-bilan-competences\/440708\/bilan-de-competences\">https:\/\/medeo-formation.catalogueformpro.com\/8\/vae-bilan-competences\/440708\/bilan-de-competences<\/a><\/p>\n\n\n\n<p><strong>Dans les Pyr\u00e9n\u00e9es-Orientales,&nbsp;MEDEO Formation&nbsp;se distingue comme un acteur local pour les transitions professionnelles. <\/strong>Bas\u00e9e \u00e0 Perpignan, MEDEO accompagne le projet de bilan de comp\u00e9tences. MEDEO Formation assure un suivi personnalis\u00e9, permettant aux b\u00e9n\u00e9ficiaires de clarifier leurs aspirations et de d\u00e9finir un projet clair et atteignable.<\/p>\n","protected":false},"excerpt":{"rendered":"<p>Le bilan de comp\u00e9tences, instaur\u00e9 par la loi du 31 d\u00e9cembre 1991, est un dispositif destin\u00e9 \u00e0 soutenir la formation professionnelle continue et l&#8217;adaptation des travailleurs aux \u00e9volutions du march\u00e9 du travail. Plus de 30 ans apr\u00e8s son introduction, il demeure un outil pr\u00e9cieux et pertinent, notamment \u00e0 l&#8217;heure o\u00f9 les transformations technologiques, organisationnelles et [&hellip;]<\/p>\n","protected":false},"author":2,"featured_media":544,"comment_status":"open","ping_status":"open","sticky":false,"template":"","format":"standard","meta":{"_et_pb_use_builder":"off","_et_pb_old_content":"","_et_gb_content_width":"","footnotes":""},"categories":[11],"tags":[],"class_list":["post-537","post","type-post","status-publish","format-standard","has-post-thumbnail","hentry","category-actualites-vae"],"yoast_head":"<!-- This site is optimized with the Yoast SEO plugin v27.3 - https:\/\/yoast.com\/product\/yoast-seo-wordpress\/ -->\n<title>Le Bilan de Comp\u00e9tences : Un Outil Essentiel pour les Transitions Professionnelles - VAE PERPIGNAN<\/title>\n<meta name=\"robots\" content=\"index, follow, max-snippet:-1, max-image-preview:large, max-video-preview:-1\" \/>\n<link rel=\"canonical\" href=\"https:\/\/vae-perpignan.fr\/index.php\/2024\/10\/21\/le-bilan-de-competences-un-outil-essentiel-pour-les-transitions-professionnelles\/\" \/>\n<meta property=\"og:locale\" content=\"en_US\" \/>\n<meta property=\"og:type\" content=\"article\" \/>\n<meta property=\"og:title\" content=\"Le Bilan de Comp\u00e9tences : Un Outil Essentiel pour les Transitions Professionnelles - VAE PERPIGNAN\" \/>\n<meta property=\"og:description\" content=\"Le bilan de comp\u00e9tences, instaur\u00e9 par la loi du 31 d\u00e9cembre 1991, est un dispositif destin\u00e9 \u00e0 soutenir la formation professionnelle continue et l&#8217;adaptation des travailleurs aux \u00e9volutions du march\u00e9 du travail. Plus de 30 ans apr\u00e8s son introduction, il demeure un outil pr\u00e9cieux et pertinent, notamment \u00e0 l&#8217;heure o\u00f9 les transformations technologiques, organisationnelles et [&hellip;]\" \/>\n<meta property=\"og:url\" content=\"https:\/\/vae-perpignan.fr\/index.php\/2024\/10\/21\/le-bilan-de-competences-un-outil-essentiel-pour-les-transitions-professionnelles\/\" \/>\n<meta property=\"og:site_name\" content=\"VAE PERPIGNAN\" \/>\n<meta property=\"article:published_time\" content=\"2024-10-21T12:19:53+00:00\" \/>\n<meta property=\"article:modified_time\" content=\"2024-11-25T10:11:49+00:00\" \/>\n<meta property=\"og:image\" content=\"https:\/\/vae-perpignan.fr\/wp-content\/uploads\/2024\/10\/graph-1019845_1280-1.jpg\" \/>\n\t<meta property=\"og:image:width\" content=\"1280\" \/>\n\t<meta property=\"og:image:height\" content=\"1280\" \/>\n\t<meta property=\"og:image:type\" content=\"image\/jpeg\" \/>\n<meta name=\"author\" content=\"elearning@medeo-formation.fr\" \/>\n<script type=\"application\/ld+json\" class=\"yoast-schema-graph\">{\"@context\":\"https:\\\/\\\/schema.org\",\"@graph\":[{\"@type\":\"Article\",\"@id\":\"https:\\\/\\\/vae-perpignan.fr\\\/index.php\\\/2024\\\/10\\\/21\\\/le-bilan-de-competences-un-outil-essentiel-pour-les-transitions-professionnelles\\\/#article\",\"isPartOf\":{\"@id\":\"https:\\\/\\\/vae-perpignan.fr\\\/index.php\\\/2024\\\/10\\\/21\\\/le-bilan-de-competences-un-outil-essentiel-pour-les-transitions-professionnelles\\\/\"},\"author\":{\"name\":\"elearning@medeo-formation.fr\",\"@id\":\"https:\\\/\\\/vae-perpignan.fr\\\/#\\\/schema\\\/person\\\/5568a3bec80ffa471c18f3c28652c572\"},\"headline\":\"Le Bilan de Comp\u00e9tences : Un Outil Essentiel pour les Transitions Professionnelles\",\"datePublished\":\"2024-10-21T12:19:53+00:00\",\"dateModified\":\"2024-11-25T10:11:49+00:00\",\"mainEntityOfPage\":{\"@id\":\"https:\\\/\\\/vae-perpignan.fr\\\/index.php\\\/2024\\\/10\\\/21\\\/le-bilan-de-competences-un-outil-essentiel-pour-les-transitions-professionnelles\\\/\"},\"wordCount\":719,\"commentCount\":0,\"publisher\":{\"@id\":\"https:\\\/\\\/vae-perpignan.fr\\\/#organization\"},\"image\":{\"@id\":\"https:\\\/\\\/vae-perpignan.fr\\\/index.php\\\/2024\\\/10\\\/21\\\/le-bilan-de-competences-un-outil-essentiel-pour-les-transitions-professionnelles\\\/#primaryimage\"},\"thumbnailUrl\":\"https:\\\/\\\/vae-perpignan.fr\\\/wp-content\\\/uploads\\\/2024\\\/10\\\/graph-1019845_1280-1.jpg\",\"articleSection\":[\"actualit\u00e9s VAE\"],\"inLanguage\":\"en-US\",\"potentialAction\":[{\"@type\":\"CommentAction\",\"name\":\"Comment\",\"target\":[\"https:\\\/\\\/vae-perpignan.fr\\\/index.php\\\/2024\\\/10\\\/21\\\/le-bilan-de-competences-un-outil-essentiel-pour-les-transitions-professionnelles\\\/#respond\"]}]},{\"@type\":\"WebPage\",\"@id\":\"https:\\\/\\\/vae-perpignan.fr\\\/index.php\\\/2024\\\/10\\\/21\\\/le-bilan-de-competences-un-outil-essentiel-pour-les-transitions-professionnelles\\\/\",\"url\":\"https:\\\/\\\/vae-perpignan.fr\\\/index.php\\\/2024\\\/10\\\/21\\\/le-bilan-de-competences-un-outil-essentiel-pour-les-transitions-professionnelles\\\/\",\"name\":\"Le Bilan de Comp\u00e9tences : Un Outil Essentiel pour les Transitions Professionnelles - VAE PERPIGNAN\",\"isPartOf\":{\"@id\":\"https:\\\/\\\/vae-perpignan.fr\\\/#website\"},\"primaryImageOfPage\":{\"@id\":\"https:\\\/\\\/vae-perpignan.fr\\\/index.php\\\/2024\\\/10\\\/21\\\/le-bilan-de-competences-un-outil-essentiel-pour-les-transitions-professionnelles\\\/#primaryimage\"},\"image\":{\"@id\":\"https:\\\/\\\/vae-perpignan.fr\\\/index.php\\\/2024\\\/10\\\/21\\\/le-bilan-de-competences-un-outil-essentiel-pour-les-transitions-professionnelles\\\/#primaryimage\"},\"thumbnailUrl\":\"https:\\\/\\\/vae-perpignan.fr\\\/wp-content\\\/uploads\\\/2024\\\/10\\\/graph-1019845_1280-1.jpg\",\"datePublished\":\"2024-10-21T12:19:53+00:00\",\"dateModified\":\"2024-11-25T10:11:49+00:00\",\"breadcrumb\":{\"@id\":\"https:\\\/\\\/vae-perpignan.fr\\\/index.php\\\/2024\\\/10\\\/21\\\/le-bilan-de-competences-un-outil-essentiel-pour-les-transitions-professionnelles\\\/#breadcrumb\"},\"inLanguage\":\"en-US\",\"potentialAction\":[{\"@type\":\"ReadAction\",\"target\":[\"https:\\\/\\\/vae-perpignan.fr\\\/index.php\\\/2024\\\/10\\\/21\\\/le-bilan-de-competences-un-outil-essentiel-pour-les-transitions-professionnelles\\\/\"]}]},{\"@type\":\"ImageObject\",\"inLanguage\":\"en-US\",\"@id\":\"https:\\\/\\\/vae-perpignan.fr\\\/index.php\\\/2024\\\/10\\\/21\\\/le-bilan-de-competences-un-outil-essentiel-pour-les-transitions-professionnelles\\\/#primaryimage\",\"url\":\"https:\\\/\\\/vae-perpignan.fr\\\/wp-content\\\/uploads\\\/2024\\\/10\\\/graph-1019845_1280-1.jpg\",\"contentUrl\":\"https:\\\/\\\/vae-perpignan.fr\\\/wp-content\\\/uploads\\\/2024\\\/10\\\/graph-1019845_1280-1.jpg\",\"width\":1280,\"height\":1280},{\"@type\":\"BreadcrumbList\",\"@id\":\"https:\\\/\\\/vae-perpignan.fr\\\/index.php\\\/2024\\\/10\\\/21\\\/le-bilan-de-competences-un-outil-essentiel-pour-les-transitions-professionnelles\\\/#breadcrumb\",\"itemListElement\":[{\"@type\":\"ListItem\",\"position\":1,\"name\":\"Accueil\",\"item\":\"https:\\\/\\\/vae-perpignan.fr\\\/\"},{\"@type\":\"ListItem\",\"position\":2,\"name\":\"Le Bilan de Comp\u00e9tences : Un Outil Essentiel pour les Transitions Professionnelles\"}]},{\"@type\":\"WebSite\",\"@id\":\"https:\\\/\\\/vae-perpignan.fr\\\/#website\",\"url\":\"https:\\\/\\\/vae-perpignan.fr\\\/\",\"name\":\"VAE PERPIGNAN\",\"description\":\"Validation des acquis\",\"publisher\":{\"@id\":\"https:\\\/\\\/vae-perpignan.fr\\\/#organization\"},\"potentialAction\":[{\"@type\":\"SearchAction\",\"target\":{\"@type\":\"EntryPoint\",\"urlTemplate\":\"https:\\\/\\\/vae-perpignan.fr\\\/?s={search_term_string}\"},\"query-input\":{\"@type\":\"PropertyValueSpecification\",\"valueRequired\":true,\"valueName\":\"search_term_string\"}}],\"inLanguage\":\"en-US\"},{\"@type\":\"Organization\",\"@id\":\"https:\\\/\\\/vae-perpignan.fr\\\/#organization\",\"name\":\"VAE PERPIGNAN\",\"url\":\"https:\\\/\\\/vae-perpignan.fr\\\/\",\"logo\":{\"@type\":\"ImageObject\",\"inLanguage\":\"en-US\",\"@id\":\"https:\\\/\\\/vae-perpignan.fr\\\/#\\\/schema\\\/logo\\\/image\\\/\",\"url\":\"https:\\\/\\\/vae-perpignan.fr\\\/wp-content\\\/uploads\\\/2025\\\/11\\\/logo.jpg\",\"contentUrl\":\"https:\\\/\\\/vae-perpignan.fr\\\/wp-content\\\/uploads\\\/2025\\\/11\\\/logo.jpg\",\"width\":512,\"height\":512,\"caption\":\"VAE PERPIGNAN\"},\"image\":{\"@id\":\"https:\\\/\\\/vae-perpignan.fr\\\/#\\\/schema\\\/logo\\\/image\\\/\"}},{\"@type\":\"Person\",\"@id\":\"https:\\\/\\\/vae-perpignan.fr\\\/#\\\/schema\\\/person\\\/5568a3bec80ffa471c18f3c28652c572\",\"name\":\"elearning@medeo-formation.fr\",\"image\":{\"@type\":\"ImageObject\",\"inLanguage\":\"en-US\",\"@id\":\"https:\\\/\\\/secure.gravatar.com\\\/avatar\\\/164170eeebaca8ef2d9781ac00222affc574d956b7108c44ae4e2b55db51d812?s=96&d=mm&r=g\",\"url\":\"https:\\\/\\\/secure.gravatar.com\\\/avatar\\\/164170eeebaca8ef2d9781ac00222affc574d956b7108c44ae4e2b55db51d812?s=96&d=mm&r=g\",\"contentUrl\":\"https:\\\/\\\/secure.gravatar.com\\\/avatar\\\/164170eeebaca8ef2d9781ac00222affc574d956b7108c44ae4e2b55db51d812?s=96&d=mm&r=g\",\"caption\":\"elearning@medeo-formation.fr\"},\"url\":\"https:\\\/\\\/vae-perpignan.fr\\\/index.php\\\/author\\\/elearningmedeo-formation-fr\\\/\"}]}<\/script>\n<!-- \/ Yoast SEO plugin. -->","yoast_head_json":{"title":"Le Bilan de Comp\u00e9tences : Un Outil Essentiel pour les Transitions Professionnelles - VAE PERPIGNAN","robots":{"index":"index","follow":"follow","max-snippet":"max-snippet:-1","max-image-preview":"max-image-preview:large","max-video-preview":"max-video-preview:-1"},"canonical":"https:\/\/vae-perpignan.fr\/index.php\/2024\/10\/21\/le-bilan-de-competences-un-outil-essentiel-pour-les-transitions-professionnelles\/","og_locale":"en_US","og_type":"article","og_title":"Le Bilan de Comp\u00e9tences : Un Outil Essentiel pour les Transitions Professionnelles - VAE PERPIGNAN","og_description":"Le bilan de comp\u00e9tences, instaur\u00e9 par la loi du 31 d\u00e9cembre 1991, est un dispositif destin\u00e9 \u00e0 soutenir la formation professionnelle continue et l&#8217;adaptation des travailleurs aux \u00e9volutions du march\u00e9 du travail. Plus de 30 ans apr\u00e8s son introduction, il demeure un outil pr\u00e9cieux et pertinent, notamment \u00e0 l&#8217;heure o\u00f9 les transformations technologiques, organisationnelles et [&hellip;]","og_url":"https:\/\/vae-perpignan.fr\/index.php\/2024\/10\/21\/le-bilan-de-competences-un-outil-essentiel-pour-les-transitions-professionnelles\/","og_site_name":"VAE PERPIGNAN","article_published_time":"2024-10-21T12:19:53+00:00","article_modified_time":"2024-11-25T10:11:49+00:00","og_image":[{"width":1280,"height":1280,"url":"https:\/\/vae-perpignan.fr\/wp-content\/uploads\/2024\/10\/graph-1019845_1280-1.jpg","type":"image\/jpeg"}],"author":"elearning@medeo-formation.fr","schema":{"@context":"https:\/\/schema.org","@graph":[{"@type":"Article","@id":"https:\/\/vae-perpignan.fr\/index.php\/2024\/10\/21\/le-bilan-de-competences-un-outil-essentiel-pour-les-transitions-professionnelles\/#article","isPartOf":{"@id":"https:\/\/vae-perpignan.fr\/index.php\/2024\/10\/21\/le-bilan-de-competences-un-outil-essentiel-pour-les-transitions-professionnelles\/"},"author":{"name":"elearning@medeo-formation.fr","@id":"https:\/\/vae-perpignan.fr\/#\/schema\/person\/5568a3bec80ffa471c18f3c28652c572"},"headline":"Le Bilan de Comp\u00e9tences : Un Outil Essentiel pour les Transitions Professionnelles","datePublished":"2024-10-21T12:19:53+00:00","dateModified":"2024-11-25T10:11:49+00:00","mainEntityOfPage":{"@id":"https:\/\/vae-perpignan.fr\/index.php\/2024\/10\/21\/le-bilan-de-competences-un-outil-essentiel-pour-les-transitions-professionnelles\/"},"wordCount":719,"commentCount":0,"publisher":{"@id":"https:\/\/vae-perpignan.fr\/#organization"},"image":{"@id":"https:\/\/vae-perpignan.fr\/index.php\/2024\/10\/21\/le-bilan-de-competences-un-outil-essentiel-pour-les-transitions-professionnelles\/#primaryimage"},"thumbnailUrl":"https:\/\/vae-perpignan.fr\/wp-content\/uploads\/2024\/10\/graph-1019845_1280-1.jpg","articleSection":["actualit\u00e9s VAE"],"inLanguage":"en-US","potentialAction":[{"@type":"CommentAction","name":"Comment","target":["https:\/\/vae-perpignan.fr\/index.php\/2024\/10\/21\/le-bilan-de-competences-un-outil-essentiel-pour-les-transitions-professionnelles\/#respond"]}]},{"@type":"WebPage","@id":"https:\/\/vae-perpignan.fr\/index.php\/2024\/10\/21\/le-bilan-de-competences-un-outil-essentiel-pour-les-transitions-professionnelles\/","url":"https:\/\/vae-perpignan.fr\/index.php\/2024\/10\/21\/le-bilan-de-competences-un-outil-essentiel-pour-les-transitions-professionnelles\/","name":"Le Bilan de Comp\u00e9tences : Un Outil Essentiel pour les Transitions Professionnelles - VAE PERPIGNAN","isPartOf":{"@id":"https:\/\/vae-perpignan.fr\/#website"},"primaryImageOfPage":{"@id":"https:\/\/vae-perpignan.fr\/index.php\/2024\/10\/21\/le-bilan-de-competences-un-outil-essentiel-pour-les-transitions-professionnelles\/#primaryimage"},"image":{"@id":"https:\/\/vae-perpignan.fr\/index.php\/2024\/10\/21\/le-bilan-de-competences-un-outil-essentiel-pour-les-transitions-professionnelles\/#primaryimage"},"thumbnailUrl":"https:\/\/vae-perpignan.fr\/wp-content\/uploads\/2024\/10\/graph-1019845_1280-1.jpg","datePublished":"2024-10-21T12:19:53+00:00","dateModified":"2024-11-25T10:11:49+00:00","breadcrumb":{"@id":"https:\/\/vae-perpignan.fr\/index.php\/2024\/10\/21\/le-bilan-de-competences-un-outil-essentiel-pour-les-transitions-professionnelles\/#breadcrumb"},"inLanguage":"en-US","potentialAction":[{"@type":"ReadAction","target":["https:\/\/vae-perpignan.fr\/index.php\/2024\/10\/21\/le-bilan-de-competences-un-outil-essentiel-pour-les-transitions-professionnelles\/"]}]},{"@type":"ImageObject","inLanguage":"en-US","@id":"https:\/\/vae-perpignan.fr\/index.php\/2024\/10\/21\/le-bilan-de-competences-un-outil-essentiel-pour-les-transitions-professionnelles\/#primaryimage","url":"https:\/\/vae-perpignan.fr\/wp-content\/uploads\/2024\/10\/graph-1019845_1280-1.jpg","contentUrl":"https:\/\/vae-perpignan.fr\/wp-content\/uploads\/2024\/10\/graph-1019845_1280-1.jpg","width":1280,"height":1280},{"@type":"BreadcrumbList","@id":"https:\/\/vae-perpignan.fr\/index.php\/2024\/10\/21\/le-bilan-de-competences-un-outil-essentiel-pour-les-transitions-professionnelles\/#breadcrumb","itemListElement":[{"@type":"ListItem","position":1,"name":"Accueil","item":"https:\/\/vae-perpignan.fr\/"},{"@type":"ListItem","position":2,"name":"Le Bilan de Comp\u00e9tences : Un Outil Essentiel pour les Transitions Professionnelles"}]},{"@type":"WebSite","@id":"https:\/\/vae-perpignan.fr\/#website","url":"https:\/\/vae-perpignan.fr\/","name":"VAE PERPIGNAN","description":"Validation des acquis","publisher":{"@id":"https:\/\/vae-perpignan.fr\/#organization"},"potentialAction":[{"@type":"SearchAction","target":{"@type":"EntryPoint","urlTemplate":"https:\/\/vae-perpignan.fr\/?s={search_term_string}"},"query-input":{"@type":"PropertyValueSpecification","valueRequired":true,"valueName":"search_term_string"}}],"inLanguage":"en-US"},{"@type":"Organization","@id":"https:\/\/vae-perpignan.fr\/#organization","name":"VAE PERPIGNAN","url":"https:\/\/vae-perpignan.fr\/","logo":{"@type":"ImageObject","inLanguage":"en-US","@id":"https:\/\/vae-perpignan.fr\/#\/schema\/logo\/image\/","url":"https:\/\/vae-perpignan.fr\/wp-content\/uploads\/2025\/11\/logo.jpg","contentUrl":"https:\/\/vae-perpignan.fr\/wp-content\/uploads\/2025\/11\/logo.jpg","width":512,"height":512,"caption":"VAE PERPIGNAN"},"image":{"@id":"https:\/\/vae-perpignan.fr\/#\/schema\/logo\/image\/"}},{"@type":"Person","@id":"https:\/\/vae-perpignan.fr\/#\/schema\/person\/5568a3bec80ffa471c18f3c28652c572","name":"elearning@medeo-formation.fr","image":{"@type":"ImageObject","inLanguage":"en-US","@id":"https:\/\/secure.gravatar.com\/avatar\/164170eeebaca8ef2d9781ac00222affc574d956b7108c44ae4e2b55db51d812?s=96&d=mm&r=g","url":"https:\/\/secure.gravatar.com\/avatar\/164170eeebaca8ef2d9781ac00222affc574d956b7108c44ae4e2b55db51d812?s=96&d=mm&r=g","contentUrl":"https:\/\/secure.gravatar.com\/avatar\/164170eeebaca8ef2d9781ac00222affc574d956b7108c44ae4e2b55db51d812?s=96&d=mm&r=g","caption":"elearning@medeo-formation.fr"},"url":"https:\/\/vae-perpignan.fr\/index.php\/author\/elearningmedeo-formation-fr\/"}]}},"_links":{"self":[{"href":"https:\/\/vae-perpignan.fr\/index.php\/wp-json\/wp\/v2\/posts\/537","targetHints":{"allow":["GET"]}}],"collection":[{"href":"https:\/\/vae-perpignan.fr\/index.php\/wp-json\/wp\/v2\/posts"}],"about":[{"href":"https:\/\/vae-perpignan.fr\/index.php\/wp-json\/wp\/v2\/types\/post"}],"author":[{"embeddable":true,"href":"https:\/\/vae-perpignan.fr\/index.php\/wp-json\/wp\/v2\/users\/2"}],"replies":[{"embeddable":true,"href":"https:\/\/vae-perpignan.fr\/index.php\/wp-json\/wp\/v2\/comments?post=537"}],"version-history":[{"count":4,"href":"https:\/\/vae-perpignan.fr\/index.php\/wp-json\/wp\/v2\/posts\/537\/revisions"}],"predecessor-version":[{"id":545,"href":"https:\/\/vae-perpignan.fr\/index.php\/wp-json\/wp\/v2\/posts\/537\/revisions\/545"}],"wp:featuredmedia":[{"embeddable":true,"href":"https:\/\/vae-perpignan.fr\/index.php\/wp-json\/wp\/v2\/media\/544"}],"wp:attachment":[{"href":"https:\/\/vae-perpignan.fr\/index.php\/wp-json\/wp\/v2\/media?parent=537"}],"wp:term":[{"taxonomy":"category","embeddable":true,"href":"https:\/\/vae-perpignan.fr\/index.php\/wp-json\/wp\/v2\/categories?post=537"},{"taxonomy":"post_tag","embeddable":true,"href":"https:\/\/vae-perpignan.fr\/index.php\/wp-json\/wp\/v2\/tags?post=537"}],"curies":[{"name":"wp","href":"https:\/\/api.w.org\/{rel}","templated":true}]}}