{"id":502,"date":"2024-09-25T09:45:00","date_gmt":"2024-09-25T07:45:00","guid":{"rendered":"https:\/\/vae-perpignan.fr\/?p=502"},"modified":"2024-09-25T09:45:00","modified_gmt":"2024-09-25T07:45:00","slug":"tp-sams","status":"publish","type":"post","link":"https:\/\/vae-perpignan.fr\/index.php\/2024\/09\/25\/tp-sams\/","title":{"rendered":"TP SAMS"},"content":{"rendered":"<p>[et_pb_section fb_built=&#8221;1&#8243; theme_builder_area=&#8221;post_content&#8221; _builder_version=&#8221;4.25.1&#8243; _module_preset=&#8221;default&#8221;][et_pb_row _builder_version=&#8221;4.25.1&#8243; _module_preset=&#8221;default&#8221; theme_builder_area=&#8221;post_content&#8221;][et_pb_column _builder_version=&#8221;4.25.1&#8243; _module_preset=&#8221;default&#8221; type=&#8221;4_4&#8243; theme_builder_area=&#8221;post_content&#8221;][et_pb_text _builder_version=&#8221;4.25.1&#8243; _module_preset=&#8221;default&#8221; theme_builder_area=&#8221;post_content&#8221; hover_enabled=&#8221;0&#8243; sticky_enabled=&#8221;0&#8243;]<\/p>\n<h1><b>Le titulaire du Titre Professionnel de Secr\u00e9taire Assistant M\u00e9dico-Social (SAMS) exerce des fonctions vari\u00e9es qui allient des comp\u00e9tences administratives et le domaine m\u00e9dico-social. Voici les principales fonctions qu&#8217;il peut assurer :<\/b><\/h1>\n<p>&nbsp;<\/p>\n<ol>\n<li><b>Accueil et orientation des patients ou usagers\u00a0:<\/b><\/li>\n<\/ol>\n<ul>\n<li style=\"font-weight: 400;\" aria-level=\"1\"><span style=\"font-weight: 400;\">Accueillir physiquement et par t\u00e9l\u00e9phone les patients.<\/span><\/li>\n<li style=\"font-weight: 400;\" aria-level=\"1\"><span style=\"font-weight: 400;\">Orienter les personnes vers les services ou professionnels concern\u00e9s.<\/span><\/li>\n<li style=\"font-weight: 400;\" aria-level=\"1\"><span style=\"font-weight: 400;\">Fournir des informations sur les d\u00e9marches administratives ou les rendez-vous m\u00e9dicaux.<\/span><\/li>\n<\/ul>\n<p>&nbsp;<\/p>\n<ol start=\"2\">\n<li><b>Gestion administrative des dossiers\u00a0:<\/b><\/li>\n<\/ol>\n<ul>\n<li style=\"font-weight: 400;\" aria-level=\"1\"><span style=\"font-weight: 400;\">Cr\u00e9er et tenir \u00e0 jour les dossiers des patients (dossiers m\u00e9dicaux et\/ou administratifs).<\/span><\/li>\n<li style=\"font-weight: 400;\" aria-level=\"1\"><span style=\"font-weight: 400;\">Assurer la saisie et la gestion des informations (coordonn\u00e9es, ant\u00e9c\u00e9dents m\u00e9dicaux, etc.).<\/span><\/li>\n<li style=\"font-weight: 400;\" aria-level=\"1\"><span style=\"font-weight: 400;\">Pr\u00e9parer et classer les documents administratifs n\u00e9cessaires au suivi des patients.<\/span><\/li>\n<li style=\"font-weight: 400;\" aria-level=\"1\"><span style=\"font-weight: 400;\">Garantir la confidentialit\u00e9 et le respect des r\u00e8gles li\u00e9es \u00e0 la gestion des donn\u00e9es m\u00e9dicales (RGPD).<\/span><\/li>\n<\/ul>\n<p>&nbsp;<\/p>\n<ol start=\"3\">\n<li><b>Planification et gestion des rendez-vous\u00a0:<\/b><\/li>\n<\/ol>\n<ul>\n<li style=\"font-weight: 400;\" aria-level=\"1\"><span style=\"font-weight: 400;\">Organiser et planifier les rendez-vous m\u00e9dicaux, consultations et interventions.<\/span><\/li>\n<li style=\"font-weight: 400;\" aria-level=\"1\"><span style=\"font-weight: 400;\">G\u00e9rer les agendas des m\u00e9decins et des \u00e9quipes soignantes.<\/span><\/li>\n<li style=\"font-weight: 400;\" aria-level=\"1\"><span style=\"font-weight: 400;\">Pr\u00e9venir les patients des changements \u00e9ventuels dans les plannings.<\/span><\/li>\n<\/ul>\n<p>&nbsp;<\/p>\n<ol start=\"4\">\n<li><b>Assistance aux professionnels de sant\u00e9 et aux travailleurs sociaux\u00a0:<\/b><\/li>\n<\/ol>\n<ul>\n<li style=\"font-weight: 400;\" aria-level=\"1\"><span style=\"font-weight: 400;\">Aider les m\u00e9decins, infirmiers, travailleurs sociaux, ou autres intervenants dans leurs t\u00e2ches administratives.<\/span><\/li>\n<li style=\"font-weight: 400;\" aria-level=\"1\"><span style=\"font-weight: 400;\">Pr\u00e9parer des comptes rendus, lettres, ou courriers \u00e0 leur demande.<\/span><\/li>\n<li style=\"font-weight: 400;\" aria-level=\"1\"><span style=\"font-weight: 400;\">Transmettre les informations aux \u00e9quipes soignantes et coordonner les \u00e9changes entre les services m\u00e9dicaux et sociaux.<\/span><\/li>\n<\/ul>\n<p>&nbsp;<\/p>\n<ol start=\"5\">\n<li><b>Facturation et gestion des remboursements\u00a0:<\/b><\/li>\n<\/ol>\n<ul>\n<li style=\"font-weight: 400;\" aria-level=\"1\"><span style=\"font-weight: 400;\">Assurer la gestion des feuilles de soins, des factures et des dossiers de remboursement.<\/span><\/li>\n<li style=\"font-weight: 400;\" aria-level=\"1\"><span style=\"font-weight: 400;\">V\u00e9rifier les droits des patients (assurance maladie, mutuelles, CMU, etc.) et faire les d\u00e9marches pour les prises en charge.<\/span><\/li>\n<li style=\"font-weight: 400;\" aria-level=\"1\"><span style=\"font-weight: 400;\">G\u00e9rer les relations avec les organismes payeurs (S\u00e9curit\u00e9 Sociale, mutuelles) et suivre les paiements.<\/span><\/li>\n<\/ul>\n<p>&nbsp;<\/p>\n<ol start=\"6\">\n<li><b>Gestion des stocks de mat\u00e9riel m\u00e9dical\u00a0:<\/b><\/li>\n<\/ol>\n<ul>\n<li style=\"font-weight: 400;\" aria-level=\"1\"><span style=\"font-weight: 400;\">Assurer le suivi des fournitures et du mat\u00e9riel m\u00e9dical n\u00e9cessaire au bon fonctionnement des services.<\/span><\/li>\n<li style=\"font-weight: 400;\" aria-level=\"1\"><span style=\"font-weight: 400;\">Passer des commandes aupr\u00e8s des fournisseurs et g\u00e9rer les livraisons.<\/span><\/li>\n<\/ul>\n<p>&nbsp;<\/p>\n<ol start=\"7\">\n<li><b>Prise en charge des patients sp\u00e9cifiques\u00a0:<\/b><\/li>\n<\/ol>\n<ul>\n<li style=\"font-weight: 400;\" aria-level=\"1\"><span style=\"font-weight: 400;\">Adapter sa communication et son comportement en fonction du public accueilli (enfants, personnes \u00e2g\u00e9es, handicap\u00e9es, en difficult\u00e9 sociale).<\/span><\/li>\n<li style=\"font-weight: 400;\" aria-level=\"1\"><span style=\"font-weight: 400;\">Faciliter l&#8217;acc\u00e8s aux soins pour des publics vuln\u00e9rables et les accompagner dans leurs d\u00e9marches.<\/span><\/li>\n<\/ul>\n<p>&nbsp;<\/p>\n<ol start=\"8\">\n<li><b>Veille r\u00e9glementaire et gestion des dossiers m\u00e9dicaux \u00e9lectroniques\u00a0:<\/b><\/li>\n<\/ol>\n<ul>\n<li style=\"font-weight: 400;\" aria-level=\"1\"><span style=\"font-weight: 400;\">Rester \u00e0 jour sur la l\u00e9gislation en mati\u00e8re de sant\u00e9 et de protection des donn\u00e9es.<\/span><\/li>\n<li style=\"font-weight: 400;\" aria-level=\"1\"><span style=\"font-weight: 400;\">Utiliser des logiciels de gestion m\u00e9dicale pour la tenue des dossiers \u00e9lectroniques et des bases de donn\u00e9es.<\/span><\/li>\n<\/ul>\n<p>&nbsp;<\/p>\n<ol start=\"9\">\n<li><b>Collaboration avec les partenaires ext\u00e9rieurs\u00a0:<\/b><\/li>\n<\/ol>\n<ul>\n<li style=\"font-weight: 400;\" aria-level=\"1\"><span style=\"font-weight: 400;\">Entretenir des relations avec d&#8217;autres \u00e9tablissements de sant\u00e9, des services sociaux, ou des structures partenaires (cliniques, laboratoires, etc.).<\/span><\/li>\n<li style=\"font-weight: 400;\" aria-level=\"1\"><span style=\"font-weight: 400;\">Transmettre les documents n\u00e9cessaires pour assurer la continuit\u00e9 des soins ou du suivi social des patients.<\/span><\/li>\n<\/ul>\n<p>&nbsp;<\/p>\n<p><span style=\"font-weight: 400;\">Ces diff\u00e9rentes fonctions n\u00e9cessitent une grande rigueur, un sens aigu de l&#8217;organisation, ainsi qu&#8217;une capacit\u00e9 \u00e0 travailler sous pression, tout en maintenant une attitude bienveillante et empathique envers les patients et usagers.<\/span><\/p>\n<p>&nbsp;<\/p>\n<p><span style=\"font-weight: 400;\">Le Titre Professionnel de SAMS (Secr\u00e9taire Assistant M\u00e9dico-Social) est int\u00e9ressant pour plusieurs raisons :<\/span><\/p>\n<ol>\n<li style=\"font-weight: 400;\" aria-level=\"1\"><b>Acc\u00e8s \u00e0 un secteur en demande<\/b><span style=\"font-weight: 400;\">\u00a0: Le secteur m\u00e9dical et social est en constante croissance, avec une demande accrue de professionnels capables de g\u00e9rer les t\u00e2ches administratives sp\u00e9cifiques \u00e0 ces domaines. Le titre SAMS permet de se positionner dans un secteur stable et porteur, en travaillant dans des structures telles que des h\u00f4pitaux, des cliniques, des maisons de retraite ou des centres sociaux.<\/span><\/li>\n<\/ol>\n<p>&nbsp;<\/p>\n<ol>\n<li style=\"font-weight: 400;\" aria-level=\"1\"><b>Comp\u00e9tences sp\u00e9cialis\u00e9es<\/b><span style=\"font-weight: 400;\">\u00a0: Obtenir ce titre certifie des comp\u00e9tences pr\u00e9cises en gestion administrative et en assistance m\u00e9dico-sociale. Il permet de ma\u00eetriser les outils informatiques, la gestion des dossiers patients, ainsi que les sp\u00e9cificit\u00e9s li\u00e9es \u00e0 la l\u00e9gislation et \u00e0 la terminologie m\u00e9dicale et sociale.<\/span><\/li>\n<\/ol>\n<p>&nbsp;<\/p>\n<ol>\n<li style=\"font-weight: 400;\" aria-level=\"1\"><b>\u00c9volution professionnelle<\/b><span style=\"font-weight: 400;\">\u00a0: Ce titre ouvre des portes vers des opportunit\u00e9s de carri\u00e8re plus diversifi\u00e9es, comme le secr\u00e9tariat m\u00e9dical, la coordination des \u00e9quipes soignantes ou des responsabilit\u00e9s administratives plus importantes. Il peut \u00e9galement constituer une base solide pour \u00e9voluer vers d&#8217;autres formations dans le secteur m\u00e9dico-social.<\/span><\/li>\n<\/ol>\n<p>&nbsp;<\/p>\n<ol>\n<li style=\"font-weight: 400;\" aria-level=\"1\"><b>Reconnaissance officielle<\/b><span style=\"font-weight: 400;\">\u00a0: Le Titre Professionnel de SAMS est reconnu par l&#8217;\u00c9tat et inscrit au RNCP (R\u00e9pertoire National des Certifications Professionnelles), ce qui lui conf\u00e8re une valeur officielle et rassure les employeurs sur la qualit\u00e9 des comp\u00e9tences acquises.<\/span><\/li>\n<\/ol>\n<p><b>Pourquoi obtenir ce titre par la VAE (Validation des Acquis de l&#8217;Exp\u00e9rience) ?<\/b><\/p>\n<p><span style=\"font-weight: 400;\">La VAE permet \u00e0 toute personne b\u00e9n\u00e9ficiant<\/span><b> d\u2019une exp\u00e9rience professionnelle<\/b><span style=\"font-weight: 400;\">\u00a0dans le domaine du secr\u00e9tariat m\u00e9dical, de l&#8217;administration ou dans des fonctions similaires dans le secteur m\u00e9dico-social, de faire valider son exp\u00e9rience pour obtenir ce titre.\u00a0<\/span><\/p>\n<p>&nbsp;<\/p>\n<p><span style=\"font-weight: 400;\">Les personnes \u00e9ligibles sont donc :<\/span><\/p>\n<ul>\n<li style=\"font-weight: 400;\" aria-level=\"1\"><span style=\"font-weight: 400;\">Les salari\u00e9s actuels travaillant dans le secteur m\u00e9dico-social ou administratif, m\u00eame sans dipl\u00f4me sp\u00e9cifique.<\/span><\/li>\n<li style=\"font-weight: 400;\" aria-level=\"1\"><span style=\"font-weight: 400;\">Les demandeurs d&#8217;emploi ayant exerc\u00e9 dans ces domaines par le pass\u00e9.<\/span><\/li>\n<li style=\"font-weight: 400;\" aria-level=\"1\"><span style=\"font-weight: 400;\">Les b\u00e9n\u00e9voles ou volontaires ayant des exp\u00e9riences significatives en lien avec le secr\u00e9tariat m\u00e9dical ou social.<\/span><\/li>\n<li style=\"font-weight: 400;\" aria-level=\"1\"><span style=\"font-weight: 400;\">Les personnes ayant valid\u00e9 1 ou plusieurs blocs de comp\u00e9tences du titre.<\/span><\/li>\n<\/ul>\n<p>&nbsp;<\/p>\n<p><span style=\"font-weight: 400;\">La VAE est une opportunit\u00e9 pour valoriser et faire reconna\u00eetre ses comp\u00e9tences sans forc\u00e9ment passer par une formation compl\u00e8te.<\/span><\/p>\n<p>[\/et_pb_text][\/et_pb_column][\/et_pb_row][\/et_pb_section]<\/p>\n","protected":false},"excerpt":{"rendered":"<p>Le titulaire du Titre Professionnel de Secr\u00e9taire Assistant M\u00e9dico-Social (SAMS) exerce des fonctions vari\u00e9es qui allient des comp\u00e9tences administratives et le domaine m\u00e9dico-social. Voici les principales fonctions qu&#8217;il peut assurer : &nbsp; Accueil et orientation des patients ou usagers\u00a0: Accueillir physiquement et par t\u00e9l\u00e9phone les patients. Orienter les personnes vers les services ou professionnels concern\u00e9s. [&hellip;]<\/p>\n","protected":false},"author":1,"featured_media":503,"comment_status":"open","ping_status":"open","sticky":false,"template":"","format":"standard","meta":{"_et_pb_use_builder":"on","_et_pb_old_content":"","_et_gb_content_width":"","footnotes":""},"categories":[11],"tags":[],"class_list":["post-502","post","type-post","status-publish","format-standard","has-post-thumbnail","hentry","category-actualites-vae"],"yoast_head":"<!-- This site is optimized with the Yoast SEO plugin v27.3 - https:\/\/yoast.com\/product\/yoast-seo-wordpress\/ -->\n<title>TP SAMS - VAE PERPIGNAN<\/title>\n<meta name=\"robots\" content=\"index, follow, max-snippet:-1, max-image-preview:large, max-video-preview:-1\" \/>\n<link rel=\"canonical\" href=\"https:\/\/vae-perpignan.fr\/index.php\/2024\/09\/25\/tp-sams\/\" \/>\n<meta property=\"og:locale\" content=\"en_US\" \/>\n<meta property=\"og:type\" content=\"article\" \/>\n<meta property=\"og:title\" content=\"TP SAMS - VAE PERPIGNAN\" \/>\n<meta property=\"og:description\" content=\"Le titulaire du Titre Professionnel de Secr\u00e9taire Assistant M\u00e9dico-Social (SAMS) exerce des fonctions vari\u00e9es qui allient des comp\u00e9tences administratives et le domaine m\u00e9dico-social. Voici les principales fonctions qu&#039;il peut assurer : &nbsp; Accueil et orientation des patients ou usagers\u00a0: Accueillir physiquement et par t\u00e9l\u00e9phone les patients. Orienter les personnes vers les services ou professionnels concern\u00e9s. [&hellip;]\" \/>\n<meta property=\"og:url\" content=\"https:\/\/vae-perpignan.fr\/index.php\/2024\/09\/25\/tp-sams\/\" \/>\n<meta property=\"og:site_name\" content=\"VAE PERPIGNAN\" \/>\n<meta property=\"article:published_time\" content=\"2024-09-25T07:45:00+00:00\" \/>\n<meta property=\"og:image\" content=\"https:\/\/vae-perpignan.fr\/wp-content\/uploads\/2024\/09\/QUELLES-SONT-LES-DIFFERENTES-SOLUTIONS-ANTISEPTIQUES-PRESCRIPTIBLES-6.jpg\" \/>\n\t<meta property=\"og:image:width\" content=\"1300\" \/>\n\t<meta property=\"og:image:height\" content=\"500\" \/>\n\t<meta property=\"og:image:type\" content=\"image\/jpeg\" \/>\n<meta name=\"author\" content=\"admin8647\" \/>\n<script type=\"application\/ld+json\" class=\"yoast-schema-graph\">{\"@context\":\"https:\\\/\\\/schema.org\",\"@graph\":[{\"@type\":\"Article\",\"@id\":\"https:\\\/\\\/vae-perpignan.fr\\\/index.php\\\/2024\\\/09\\\/25\\\/tp-sams\\\/#article\",\"isPartOf\":{\"@id\":\"https:\\\/\\\/vae-perpignan.fr\\\/index.php\\\/2024\\\/09\\\/25\\\/tp-sams\\\/\"},\"author\":{\"name\":\"admin8647\",\"@id\":\"https:\\\/\\\/vae-perpignan.fr\\\/#\\\/schema\\\/person\\\/12ccfdb63ad8605b3dfb4941060b4624\"},\"headline\":\"TP SAMS\",\"datePublished\":\"2024-09-25T07:45:00+00:00\",\"mainEntityOfPage\":{\"@id\":\"https:\\\/\\\/vae-perpignan.fr\\\/index.php\\\/2024\\\/09\\\/25\\\/tp-sams\\\/\"},\"wordCount\":951,\"commentCount\":0,\"publisher\":{\"@id\":\"https:\\\/\\\/vae-perpignan.fr\\\/#organization\"},\"image\":{\"@id\":\"https:\\\/\\\/vae-perpignan.fr\\\/index.php\\\/2024\\\/09\\\/25\\\/tp-sams\\\/#primaryimage\"},\"thumbnailUrl\":\"https:\\\/\\\/vae-perpignan.fr\\\/wp-content\\\/uploads\\\/2024\\\/09\\\/QUELLES-SONT-LES-DIFFERENTES-SOLUTIONS-ANTISEPTIQUES-PRESCRIPTIBLES-6.jpg\",\"articleSection\":[\"actualit\u00e9s VAE\"],\"inLanguage\":\"en-US\",\"potentialAction\":[{\"@type\":\"CommentAction\",\"name\":\"Comment\",\"target\":[\"https:\\\/\\\/vae-perpignan.fr\\\/index.php\\\/2024\\\/09\\\/25\\\/tp-sams\\\/#respond\"]}]},{\"@type\":\"WebPage\",\"@id\":\"https:\\\/\\\/vae-perpignan.fr\\\/index.php\\\/2024\\\/09\\\/25\\\/tp-sams\\\/\",\"url\":\"https:\\\/\\\/vae-perpignan.fr\\\/index.php\\\/2024\\\/09\\\/25\\\/tp-sams\\\/\",\"name\":\"TP SAMS - VAE PERPIGNAN\",\"isPartOf\":{\"@id\":\"https:\\\/\\\/vae-perpignan.fr\\\/#website\"},\"primaryImageOfPage\":{\"@id\":\"https:\\\/\\\/vae-perpignan.fr\\\/index.php\\\/2024\\\/09\\\/25\\\/tp-sams\\\/#primaryimage\"},\"image\":{\"@id\":\"https:\\\/\\\/vae-perpignan.fr\\\/index.php\\\/2024\\\/09\\\/25\\\/tp-sams\\\/#primaryimage\"},\"thumbnailUrl\":\"https:\\\/\\\/vae-perpignan.fr\\\/wp-content\\\/uploads\\\/2024\\\/09\\\/QUELLES-SONT-LES-DIFFERENTES-SOLUTIONS-ANTISEPTIQUES-PRESCRIPTIBLES-6.jpg\",\"datePublished\":\"2024-09-25T07:45:00+00:00\",\"breadcrumb\":{\"@id\":\"https:\\\/\\\/vae-perpignan.fr\\\/index.php\\\/2024\\\/09\\\/25\\\/tp-sams\\\/#breadcrumb\"},\"inLanguage\":\"en-US\",\"potentialAction\":[{\"@type\":\"ReadAction\",\"target\":[\"https:\\\/\\\/vae-perpignan.fr\\\/index.php\\\/2024\\\/09\\\/25\\\/tp-sams\\\/\"]}]},{\"@type\":\"ImageObject\",\"inLanguage\":\"en-US\",\"@id\":\"https:\\\/\\\/vae-perpignan.fr\\\/index.php\\\/2024\\\/09\\\/25\\\/tp-sams\\\/#primaryimage\",\"url\":\"https:\\\/\\\/vae-perpignan.fr\\\/wp-content\\\/uploads\\\/2024\\\/09\\\/QUELLES-SONT-LES-DIFFERENTES-SOLUTIONS-ANTISEPTIQUES-PRESCRIPTIBLES-6.jpg\",\"contentUrl\":\"https:\\\/\\\/vae-perpignan.fr\\\/wp-content\\\/uploads\\\/2024\\\/09\\\/QUELLES-SONT-LES-DIFFERENTES-SOLUTIONS-ANTISEPTIQUES-PRESCRIPTIBLES-6.jpg\",\"width\":1300,\"height\":500,\"caption\":\"Le titulaire du Titre Professionnel de Secr\u00e9taire Assistant M\u00e9dico-Social (SAMS)\"},{\"@type\":\"BreadcrumbList\",\"@id\":\"https:\\\/\\\/vae-perpignan.fr\\\/index.php\\\/2024\\\/09\\\/25\\\/tp-sams\\\/#breadcrumb\",\"itemListElement\":[{\"@type\":\"ListItem\",\"position\":1,\"name\":\"Accueil\",\"item\":\"https:\\\/\\\/vae-perpignan.fr\\\/\"},{\"@type\":\"ListItem\",\"position\":2,\"name\":\"TP SAMS\"}]},{\"@type\":\"WebSite\",\"@id\":\"https:\\\/\\\/vae-perpignan.fr\\\/#website\",\"url\":\"https:\\\/\\\/vae-perpignan.fr\\\/\",\"name\":\"VAE PERPIGNAN\",\"description\":\"Validation des acquis\",\"publisher\":{\"@id\":\"https:\\\/\\\/vae-perpignan.fr\\\/#organization\"},\"potentialAction\":[{\"@type\":\"SearchAction\",\"target\":{\"@type\":\"EntryPoint\",\"urlTemplate\":\"https:\\\/\\\/vae-perpignan.fr\\\/?s={search_term_string}\"},\"query-input\":{\"@type\":\"PropertyValueSpecification\",\"valueRequired\":true,\"valueName\":\"search_term_string\"}}],\"inLanguage\":\"en-US\"},{\"@type\":\"Organization\",\"@id\":\"https:\\\/\\\/vae-perpignan.fr\\\/#organization\",\"name\":\"VAE PERPIGNAN\",\"url\":\"https:\\\/\\\/vae-perpignan.fr\\\/\",\"logo\":{\"@type\":\"ImageObject\",\"inLanguage\":\"en-US\",\"@id\":\"https:\\\/\\\/vae-perpignan.fr\\\/#\\\/schema\\\/logo\\\/image\\\/\",\"url\":\"https:\\\/\\\/vae-perpignan.fr\\\/wp-content\\\/uploads\\\/2025\\\/11\\\/logo.jpg\",\"contentUrl\":\"https:\\\/\\\/vae-perpignan.fr\\\/wp-content\\\/uploads\\\/2025\\\/11\\\/logo.jpg\",\"width\":512,\"height\":512,\"caption\":\"VAE PERPIGNAN\"},\"image\":{\"@id\":\"https:\\\/\\\/vae-perpignan.fr\\\/#\\\/schema\\\/logo\\\/image\\\/\"}},{\"@type\":\"Person\",\"@id\":\"https:\\\/\\\/vae-perpignan.fr\\\/#\\\/schema\\\/person\\\/12ccfdb63ad8605b3dfb4941060b4624\",\"name\":\"admin8647\",\"image\":{\"@type\":\"ImageObject\",\"inLanguage\":\"en-US\",\"@id\":\"https:\\\/\\\/secure.gravatar.com\\\/avatar\\\/0f6baa9bb7a7e503ed8b63ad366c161a5918c18032f5a8db88d42736133de748?s=96&d=mm&r=g\",\"url\":\"https:\\\/\\\/secure.gravatar.com\\\/avatar\\\/0f6baa9bb7a7e503ed8b63ad366c161a5918c18032f5a8db88d42736133de748?s=96&d=mm&r=g\",\"contentUrl\":\"https:\\\/\\\/secure.gravatar.com\\\/avatar\\\/0f6baa9bb7a7e503ed8b63ad366c161a5918c18032f5a8db88d42736133de748?s=96&d=mm&r=g\",\"caption\":\"admin8647\"},\"sameAs\":[\"http:\\\/\\\/vae-perpignan.fr\"],\"url\":\"https:\\\/\\\/vae-perpignan.fr\\\/index.php\\\/author\\\/admin8647\\\/\"}]}<\/script>\n<!-- \/ Yoast SEO plugin. -->","yoast_head_json":{"title":"TP SAMS - VAE PERPIGNAN","robots":{"index":"index","follow":"follow","max-snippet":"max-snippet:-1","max-image-preview":"max-image-preview:large","max-video-preview":"max-video-preview:-1"},"canonical":"https:\/\/vae-perpignan.fr\/index.php\/2024\/09\/25\/tp-sams\/","og_locale":"en_US","og_type":"article","og_title":"TP SAMS - VAE PERPIGNAN","og_description":"Le titulaire du Titre Professionnel de Secr\u00e9taire Assistant M\u00e9dico-Social (SAMS) exerce des fonctions vari\u00e9es qui allient des comp\u00e9tences administratives et le domaine m\u00e9dico-social. Voici les principales fonctions qu'il peut assurer : &nbsp; Accueil et orientation des patients ou usagers\u00a0: Accueillir physiquement et par t\u00e9l\u00e9phone les patients. Orienter les personnes vers les services ou professionnels concern\u00e9s. [&hellip;]","og_url":"https:\/\/vae-perpignan.fr\/index.php\/2024\/09\/25\/tp-sams\/","og_site_name":"VAE PERPIGNAN","article_published_time":"2024-09-25T07:45:00+00:00","og_image":[{"width":1300,"height":500,"url":"https:\/\/vae-perpignan.fr\/wp-content\/uploads\/2024\/09\/QUELLES-SONT-LES-DIFFERENTES-SOLUTIONS-ANTISEPTIQUES-PRESCRIPTIBLES-6.jpg","type":"image\/jpeg"}],"author":"admin8647","schema":{"@context":"https:\/\/schema.org","@graph":[{"@type":"Article","@id":"https:\/\/vae-perpignan.fr\/index.php\/2024\/09\/25\/tp-sams\/#article","isPartOf":{"@id":"https:\/\/vae-perpignan.fr\/index.php\/2024\/09\/25\/tp-sams\/"},"author":{"name":"admin8647","@id":"https:\/\/vae-perpignan.fr\/#\/schema\/person\/12ccfdb63ad8605b3dfb4941060b4624"},"headline":"TP SAMS","datePublished":"2024-09-25T07:45:00+00:00","mainEntityOfPage":{"@id":"https:\/\/vae-perpignan.fr\/index.php\/2024\/09\/25\/tp-sams\/"},"wordCount":951,"commentCount":0,"publisher":{"@id":"https:\/\/vae-perpignan.fr\/#organization"},"image":{"@id":"https:\/\/vae-perpignan.fr\/index.php\/2024\/09\/25\/tp-sams\/#primaryimage"},"thumbnailUrl":"https:\/\/vae-perpignan.fr\/wp-content\/uploads\/2024\/09\/QUELLES-SONT-LES-DIFFERENTES-SOLUTIONS-ANTISEPTIQUES-PRESCRIPTIBLES-6.jpg","articleSection":["actualit\u00e9s VAE"],"inLanguage":"en-US","potentialAction":[{"@type":"CommentAction","name":"Comment","target":["https:\/\/vae-perpignan.fr\/index.php\/2024\/09\/25\/tp-sams\/#respond"]}]},{"@type":"WebPage","@id":"https:\/\/vae-perpignan.fr\/index.php\/2024\/09\/25\/tp-sams\/","url":"https:\/\/vae-perpignan.fr\/index.php\/2024\/09\/25\/tp-sams\/","name":"TP SAMS - VAE PERPIGNAN","isPartOf":{"@id":"https:\/\/vae-perpignan.fr\/#website"},"primaryImageOfPage":{"@id":"https:\/\/vae-perpignan.fr\/index.php\/2024\/09\/25\/tp-sams\/#primaryimage"},"image":{"@id":"https:\/\/vae-perpignan.fr\/index.php\/2024\/09\/25\/tp-sams\/#primaryimage"},"thumbnailUrl":"https:\/\/vae-perpignan.fr\/wp-content\/uploads\/2024\/09\/QUELLES-SONT-LES-DIFFERENTES-SOLUTIONS-ANTISEPTIQUES-PRESCRIPTIBLES-6.jpg","datePublished":"2024-09-25T07:45:00+00:00","breadcrumb":{"@id":"https:\/\/vae-perpignan.fr\/index.php\/2024\/09\/25\/tp-sams\/#breadcrumb"},"inLanguage":"en-US","potentialAction":[{"@type":"ReadAction","target":["https:\/\/vae-perpignan.fr\/index.php\/2024\/09\/25\/tp-sams\/"]}]},{"@type":"ImageObject","inLanguage":"en-US","@id":"https:\/\/vae-perpignan.fr\/index.php\/2024\/09\/25\/tp-sams\/#primaryimage","url":"https:\/\/vae-perpignan.fr\/wp-content\/uploads\/2024\/09\/QUELLES-SONT-LES-DIFFERENTES-SOLUTIONS-ANTISEPTIQUES-PRESCRIPTIBLES-6.jpg","contentUrl":"https:\/\/vae-perpignan.fr\/wp-content\/uploads\/2024\/09\/QUELLES-SONT-LES-DIFFERENTES-SOLUTIONS-ANTISEPTIQUES-PRESCRIPTIBLES-6.jpg","width":1300,"height":500,"caption":"Le titulaire du Titre Professionnel de Secr\u00e9taire Assistant M\u00e9dico-Social (SAMS)"},{"@type":"BreadcrumbList","@id":"https:\/\/vae-perpignan.fr\/index.php\/2024\/09\/25\/tp-sams\/#breadcrumb","itemListElement":[{"@type":"ListItem","position":1,"name":"Accueil","item":"https:\/\/vae-perpignan.fr\/"},{"@type":"ListItem","position":2,"name":"TP SAMS"}]},{"@type":"WebSite","@id":"https:\/\/vae-perpignan.fr\/#website","url":"https:\/\/vae-perpignan.fr\/","name":"VAE PERPIGNAN","description":"Validation des acquis","publisher":{"@id":"https:\/\/vae-perpignan.fr\/#organization"},"potentialAction":[{"@type":"SearchAction","target":{"@type":"EntryPoint","urlTemplate":"https:\/\/vae-perpignan.fr\/?s={search_term_string}"},"query-input":{"@type":"PropertyValueSpecification","valueRequired":true,"valueName":"search_term_string"}}],"inLanguage":"en-US"},{"@type":"Organization","@id":"https:\/\/vae-perpignan.fr\/#organization","name":"VAE PERPIGNAN","url":"https:\/\/vae-perpignan.fr\/","logo":{"@type":"ImageObject","inLanguage":"en-US","@id":"https:\/\/vae-perpignan.fr\/#\/schema\/logo\/image\/","url":"https:\/\/vae-perpignan.fr\/wp-content\/uploads\/2025\/11\/logo.jpg","contentUrl":"https:\/\/vae-perpignan.fr\/wp-content\/uploads\/2025\/11\/logo.jpg","width":512,"height":512,"caption":"VAE PERPIGNAN"},"image":{"@id":"https:\/\/vae-perpignan.fr\/#\/schema\/logo\/image\/"}},{"@type":"Person","@id":"https:\/\/vae-perpignan.fr\/#\/schema\/person\/12ccfdb63ad8605b3dfb4941060b4624","name":"admin8647","image":{"@type":"ImageObject","inLanguage":"en-US","@id":"https:\/\/secure.gravatar.com\/avatar\/0f6baa9bb7a7e503ed8b63ad366c161a5918c18032f5a8db88d42736133de748?s=96&d=mm&r=g","url":"https:\/\/secure.gravatar.com\/avatar\/0f6baa9bb7a7e503ed8b63ad366c161a5918c18032f5a8db88d42736133de748?s=96&d=mm&r=g","contentUrl":"https:\/\/secure.gravatar.com\/avatar\/0f6baa9bb7a7e503ed8b63ad366c161a5918c18032f5a8db88d42736133de748?s=96&d=mm&r=g","caption":"admin8647"},"sameAs":["http:\/\/vae-perpignan.fr"],"url":"https:\/\/vae-perpignan.fr\/index.php\/author\/admin8647\/"}]}},"_links":{"self":[{"href":"https:\/\/vae-perpignan.fr\/index.php\/wp-json\/wp\/v2\/posts\/502","targetHints":{"allow":["GET"]}}],"collection":[{"href":"https:\/\/vae-perpignan.fr\/index.php\/wp-json\/wp\/v2\/posts"}],"about":[{"href":"https:\/\/vae-perpignan.fr\/index.php\/wp-json\/wp\/v2\/types\/post"}],"author":[{"embeddable":true,"href":"https:\/\/vae-perpignan.fr\/index.php\/wp-json\/wp\/v2\/users\/1"}],"replies":[{"embeddable":true,"href":"https:\/\/vae-perpignan.fr\/index.php\/wp-json\/wp\/v2\/comments?post=502"}],"version-history":[{"count":2,"href":"https:\/\/vae-perpignan.fr\/index.php\/wp-json\/wp\/v2\/posts\/502\/revisions"}],"predecessor-version":[{"id":505,"href":"https:\/\/vae-perpignan.fr\/index.php\/wp-json\/wp\/v2\/posts\/502\/revisions\/505"}],"wp:featuredmedia":[{"embeddable":true,"href":"https:\/\/vae-perpignan.fr\/index.php\/wp-json\/wp\/v2\/media\/503"}],"wp:attachment":[{"href":"https:\/\/vae-perpignan.fr\/index.php\/wp-json\/wp\/v2\/media?parent=502"}],"wp:term":[{"taxonomy":"category","embeddable":true,"href":"https:\/\/vae-perpignan.fr\/index.php\/wp-json\/wp\/v2\/categories?post=502"},{"taxonomy":"post_tag","embeddable":true,"href":"https:\/\/vae-perpignan.fr\/index.php\/wp-json\/wp\/v2\/tags?post=502"}],"curies":[{"name":"wp","href":"https:\/\/api.w.org\/{rel}","templated":true}]}}